{"id":2077,"date":"2018-11-23T10:44:36","date_gmt":"2018-11-23T10:44:36","guid":{"rendered":"http:\/\/localhost\/wordpress\/?p=2077"},"modified":"2020-01-28T09:57:41","modified_gmt":"2020-01-28T08:57:41","slug":"elementos-clave-para-distinguir-entre-el-jamon-iberico-y-serrano","status":"publish","type":"post","link":"https:\/\/mercadomunicipal.motril.es\/?p=2077","title":{"rendered":"Elementos clave para distinguir entre el Jam\u00f3n Ib\u00e9rico y Serrano"},"content":{"rendered":"<h1><em>Aprende a distinguir entre el Jam\u00f3n Ib\u00e9rico y Serrano<\/em><\/h1>\n<p>Dentro de la gastronom\u00eda espa\u00f1ola tenemos muchos productos destacados, pero sin duda el\u00a0<strong>jam\u00f3n es nuestro gran producto estrella<\/strong>. Pero no todos los jamones son iguales: podemos distinguir entre el<strong>\u00a0jam\u00f3n ib\u00e9rico y el serrano.<\/strong>\u00a0No siempre es f\u00e1cil diferenciarlos, de hecho mucha gente se equivoca y compra un jam\u00f3n serrano cuando en realidad quer\u00eda comprar un ib\u00e9rico. Por eso hemos investigado y te traemos la gu\u00eda definitiva para ser un experto diferenciador de jamones de la mano de\u00a0<a href=\"https:\/\/www.enriquetomas.com\/\">Enrique Tom\u00e1s<\/a>.<\/p>\n<h1>Jam\u00f3n Ib\u00e9rico<\/h1>\n<h3>Raza<\/h3>\n<p>El Jam\u00f3n Ib\u00e9rico\u00a0<strong>s\u00f3lo se puede producir en Espa\u00f1a y Portugal<\/strong>, ya que en la pen\u00ednsula es el \u00fanico lugar donde se encuentra el cerdo ib\u00e9rico y s\u00f3lo aqu\u00ed se dan las condiciones climatol\u00f3gicas necesarias para su correcta producci\u00f3n.<\/p>\n<h3>Apariencia<\/h3>\n<p>El jam\u00f3n Ib\u00e9rico tiene un\u00a0<strong>color rojo fuerte con un aroma muy intenso<\/strong>. Estos jamones tienen una peculiaridad y es que\u00a0<strong>infiltran la grasa en el m\u00fasculo<\/strong>. \u00c9sto unido a la alimentaci\u00f3n que llevan y el ejercicio que hacen en la dehesa dan lugar a una carne llena de matices y aromas, de un sabor intenso.<\/p>\n<h3>Proceso de curaci\u00f3n<\/h3>\n<p>El proceso de curaci\u00f3n es el mismo en ambos jamones, la \u00fanica diferencia es el tiempo. El infiltrar su grasa en el m\u00fasculo hace que este animal sea mas dif\u00edcil de curar. El Ib\u00e9rico tarda de\u00a0<strong>24 a 36 meses en curar<\/strong>, dependiendo si es Ib\u00e9rico de cebo o de bellota.<\/p>\n<figure id=\"attachment_2534\" class=\"wp-caption aligncenter\"><img loading=\"lazy\" decoding=\"async\" class=\"wp-image-2534 size-full\" src=\"http:\/\/mercadosanagustinciudaddegranada.digitalizatumercado.es\/wp-content\/uploads\/2018\/11\/ji-1.jpg\" sizes=\"auto, (max-width: 560px) 100vw, 560px\" srcset=\"http:\/\/mercadosanagustinciudaddegranada.digitalizatumercado.es\/wp-content\/uploads\/2018\/11\/ji-1.jpg 560w, http:\/\/mercadosanagustinciudaddegranada.digitalizatumercado.es\/wp-content\/uploads\/2018\/11\/ji-1-300x150.jpg 300w, http:\/\/mercadosanagustinciudaddegranada.digitalizatumercado.es\/wp-content\/uploads\/2018\/11\/ji-1-400x200.jpg 400w\" alt=\"\" width=\"560\" height=\"280\" \/><figcaption class=\"wp-caption-text\"><a href=\"https:\/\/www.periodistadigital.com\/\">Periodista Digital<\/a><\/figcaption><\/figure>\n<h1>Jam\u00f3n Serrano<\/h1>\n<h3>Raza<\/h3>\n<p>El jam\u00f3n Serrano es el que\u00a0<strong>proviene del cerdo blanco<\/strong>. Dentro de esta raza podemos distinguir\u00a0cerdos Duroc, Pietrain o Large White, entre otros. Este jam\u00f3n no tiene por que ser producido en un sitio concreto; si no que\u00a0<strong>puede provenir de cualquier parte del mundo<\/strong>.<\/p>\n<h3>Apariencia<\/h3>\n<p>El jam\u00f3n Serano posee un\u00a0<strong>color ros\u00e1ceo, su aroma es menos intenso y su sabor m\u00e1s salado<\/strong>. Aunque este cerdo se alimentase de bellotas y estuviese suelto por la dehesa, nunca conseguir\u00eda el sabor del jam\u00f3n Ib\u00e9rico ya que el Serrano no es capaz de infiltrar la grasa en el m\u00fasculo.<\/p>\n<h3>Proceso de curaci\u00f3n<\/h3>\n<p>Como hemos dicho previamente, el proceso de curaci\u00f3n solo se diferencia en el tiempo. El jam\u00f3n Serrano necesita entre\u00a0<strong>15 y 18 meses<\/strong>\u00a0para poder ser comerciado.<\/p>\n<p><img loading=\"lazy\" decoding=\"async\" class=\"aligncenter wp-image-2078 size-large\" src=\"https:\/\/mercadomunicipal.motril.es\/wp-content\/uploads\/2018\/11\/js-1024x606.jpg\" alt=\"\" width=\"750\" height=\"444\" srcset=\"https:\/\/mercadomunicipal.motril.es\/wp-content\/uploads\/2018\/11\/js.jpg 1024w, https:\/\/mercadomunicipal.motril.es\/wp-content\/uploads\/2018\/11\/js-300x178.jpg 300w, https:\/\/mercadomunicipal.motril.es\/wp-content\/uploads\/2018\/11\/js-768x455.jpg 768w, https:\/\/mercadomunicipal.motril.es\/wp-content\/uploads\/2018\/11\/js-400x237.jpg 400w\" sizes=\"auto, (max-width: 750px) 100vw, 750px\" \/><\/p>\n<p><a href=\"http:\/\/elportaldelchacinado.com\/\">El Portal del Chacinado<\/a>[\/caption]<\/p>\n<h2 style=\"text-align: center;\">En <strong><a href=\"http:\/\/localhost\/wordpress\/puestos\/jamones-martin-martin\/\">Jamones Mart\u00edn y Mart\u00edn<\/a><\/strong> encontrar\u00e1s jamones Ib\u00e9ricos y Serranos de excelente calidad. \u00a1T\u00fa eliges!<\/h2>\n","protected":false},"excerpt":{"rendered":"<p>Aprende a distinguir entre el Jam\u00f3n Ib\u00e9rico y Serrano Dentro de la gastronom\u00eda espa\u00f1ola tenemos muchos productos destacados, pero sin duda el\u00a0jam\u00f3n es nuestro gran producto estrella. Pero no todos los jamones son iguales: podemos distinguir entre el\u00a0jam\u00f3n ib\u00e9rico y el serrano.\u00a0No siempre es f\u00e1cil diferenciarlos, de hecho mucha gente se equivoca y compra un&hellip;<\/p>\n","protected":false},"author":36,"featured_media":2078,"comment_status":"open","ping_status":"closed","sticky":false,"template":"","format":"standard","meta":{"footnotes":""},"categories":[42],"tags":[],"class_list":["post-2077","post","type-post","status-publish","format-standard","has-post-thumbnail","hentry","category-saludable","content-box content-box-wrapper"],"yoast_head":"<!-- This site is optimized with the Yoast SEO plugin v26.9 - https:\/\/yoast.com\/product\/yoast-seo-wordpress\/ -->\n<title>Elementos clave para distinguir entre el jam\u00f3n Ib\u00e9rico y Serrano<\/title>\n<meta name=\"description\" content=\"Dentro de la gastronom\u00eda espa\u00f1ola tenemos muchos productos destacados, pero sin duda el\u00a0jam\u00f3n es nuestro gran producto estrella. Pero no todos los jamo...\" \/>\n<meta name=\"robots\" content=\"index, follow, max-snippet:-1, max-image-preview:large, max-video-preview:-1\" \/>\n<link rel=\"canonical\" href=\"https:\/\/mercadomunicipal.motril.es\/?p=2077\" \/>\n<meta property=\"og:locale\" content=\"es_ES\" \/>\n<meta property=\"og:type\" content=\"article\" \/>\n<meta property=\"og:title\" content=\"Elementos clave para distinguir entre el jam\u00f3n Ib\u00e9rico y Serrano\" \/>\n<meta property=\"og:description\" content=\"Dentro de la gastronom\u00eda espa\u00f1ola tenemos muchos productos destacados, pero sin duda el\u00a0jam\u00f3n es nuestro gran producto estrella. Pero no todos los jamo...\" \/>\n<meta property=\"og:url\" content=\"https:\/\/mercadomunicipal.motril.es\/?p=2077\" \/>\n<meta property=\"og:site_name\" content=\"Mercado Municipal de Motril\" \/>\n<meta property=\"article:publisher\" content=\"https:\/\/www.facebook.com\/Mercado-Municipal-de-Motril-283271102474016\/\" \/>\n<meta property=\"article:published_time\" content=\"2018-11-23T10:44:36+00:00\" \/>\n<meta property=\"article:modified_time\" content=\"2020-01-28T08:57:41+00:00\" \/>\n<meta property=\"og:image\" content=\"https:\/\/mercadomunicipal.motril.es\/wp-content\/uploads\/2018\/11\/js.jpg\" \/>\n\t<meta property=\"og:image:width\" content=\"1024\" \/>\n\t<meta property=\"og:image:height\" content=\"606\" \/>\n\t<meta property=\"og:image:type\" content=\"image\/jpeg\" \/>\n<meta name=\"author\" content=\"admin_municipalmotril\" \/>\n<meta name=\"twitter:card\" content=\"summary_large_image\" \/>\n<meta name=\"twitter:creator\" content=\"@MercadoMotril\" \/>\n<meta name=\"twitter:site\" content=\"@MercadoMotril\" \/>\n<meta name=\"twitter:label1\" content=\"Escrito por\" \/>\n\t<meta name=\"twitter:data1\" content=\"admin_municipalmotril\" \/>\n\t<meta name=\"twitter:label2\" content=\"Tiempo de lectura\" \/>\n\t<meta name=\"twitter:data2\" content=\"2 minutos\" \/>\n<script type=\"application\/ld+json\" class=\"yoast-schema-graph\">{\"@context\":\"https:\/\/schema.org\",\"@graph\":[{\"@type\":\"Article\",\"@id\":\"https:\/\/mercadomunicipal.motril.es\/?p=2077#article\",\"isPartOf\":{\"@id\":\"https:\/\/mercadomunicipal.motril.es\/?p=2077\"},\"author\":{\"name\":\"admin_municipalmotril\",\"@id\":\"https:\/\/mercadomunicipal.motril.es\/#\/schema\/person\/aa09064a2ab285ace8dc53c5011dca82\"},\"headline\":\"Elementos clave para distinguir entre el Jam\u00f3n Ib\u00e9rico y Serrano\",\"datePublished\":\"2018-11-23T10:44:36+00:00\",\"dateModified\":\"2020-01-28T08:57:41+00:00\",\"mainEntityOfPage\":{\"@id\":\"https:\/\/mercadomunicipal.motril.es\/?p=2077\"},\"wordCount\":455,\"commentCount\":0,\"publisher\":{\"@id\":\"https:\/\/mercadomunicipal.motril.es\/#organization\"},\"image\":{\"@id\":\"https:\/\/mercadomunicipal.motril.es\/?p=2077#primaryimage\"},\"thumbnailUrl\":\"https:\/\/mercadomunicipal.motril.es\/wp-content\/uploads\/2018\/11\/js.jpg\",\"articleSection\":[\"Alimentaci\u00f3n saludable\"],\"inLanguage\":\"es\",\"potentialAction\":[{\"@type\":\"CommentAction\",\"name\":\"Comment\",\"target\":[\"https:\/\/mercadomunicipal.motril.es\/?p=2077#respond\"]}]},{\"@type\":\"WebPage\",\"@id\":\"https:\/\/mercadomunicipal.motril.es\/?p=2077\",\"url\":\"https:\/\/mercadomunicipal.motril.es\/?p=2077\",\"name\":\"Elementos clave para distinguir entre el jam\u00f3n Ib\u00e9rico y Serrano\",\"isPartOf\":{\"@id\":\"https:\/\/mercadomunicipal.motril.es\/#website\"},\"primaryImageOfPage\":{\"@id\":\"https:\/\/mercadomunicipal.motril.es\/?p=2077#primaryimage\"},\"image\":{\"@id\":\"https:\/\/mercadomunicipal.motril.es\/?p=2077#primaryimage\"},\"thumbnailUrl\":\"https:\/\/mercadomunicipal.motril.es\/wp-content\/uploads\/2018\/11\/js.jpg\",\"datePublished\":\"2018-11-23T10:44:36+00:00\",\"dateModified\":\"2020-01-28T08:57:41+00:00\",\"description\":\"Dentro de la gastronom\u00eda espa\u00f1ola tenemos muchos productos destacados, pero sin duda el\u00a0jam\u00f3n es nuestro gran producto estrella. Pero no todos los jamo...\",\"breadcrumb\":{\"@id\":\"https:\/\/mercadomunicipal.motril.es\/?p=2077#breadcrumb\"},\"inLanguage\":\"es\",\"potentialAction\":[{\"@type\":\"ReadAction\",\"target\":[\"https:\/\/mercadomunicipal.motril.es\/?p=2077\"]}]},{\"@type\":\"ImageObject\",\"inLanguage\":\"es\",\"@id\":\"https:\/\/mercadomunicipal.motril.es\/?p=2077#primaryimage\",\"url\":\"https:\/\/mercadomunicipal.motril.es\/wp-content\/uploads\/2018\/11\/js.jpg\",\"contentUrl\":\"https:\/\/mercadomunicipal.motril.es\/wp-content\/uploads\/2018\/11\/js.jpg\",\"width\":1024,\"height\":606},{\"@type\":\"BreadcrumbList\",\"@id\":\"https:\/\/mercadomunicipal.motril.es\/?p=2077#breadcrumb\",\"itemListElement\":[{\"@type\":\"ListItem\",\"position\":1,\"name\":\"Portada\",\"item\":\"https:\/\/mercadomunicipal.motril.es\/\"},{\"@type\":\"ListItem\",\"position\":2,\"name\":\"Elementos clave para distinguir entre el Jam\u00f3n Ib\u00e9rico y Serrano\"}]},{\"@type\":\"WebSite\",\"@id\":\"https:\/\/mercadomunicipal.motril.es\/#website\",\"url\":\"https:\/\/mercadomunicipal.motril.es\/\",\"name\":\"Mercado Municipal de Motril\",\"description\":\"Digitaliza Tu Mercado\",\"publisher\":{\"@id\":\"https:\/\/mercadomunicipal.motril.es\/#organization\"},\"potentialAction\":[{\"@type\":\"SearchAction\",\"target\":{\"@type\":\"EntryPoint\",\"urlTemplate\":\"https:\/\/mercadomunicipal.motril.es\/?s={search_term_string}\"},\"query-input\":{\"@type\":\"PropertyValueSpecification\",\"valueRequired\":true,\"valueName\":\"search_term_string\"}}],\"inLanguage\":\"es\"},{\"@type\":\"Organization\",\"@id\":\"https:\/\/mercadomunicipal.motril.es\/#organization\",\"name\":\"Mercado municipal motril\",\"url\":\"https:\/\/mercadomunicipal.motril.es\/\",\"logo\":{\"@type\":\"ImageObject\",\"inLanguage\":\"es\",\"@id\":\"https:\/\/mercadomunicipal.motril.es\/#\/schema\/logo\/image\/\",\"url\":\"https:\/\/mercadomunicipal.motril.es\/wp-content\/uploads\/2018\/07\/LOGO_COLOR.png\",\"contentUrl\":\"https:\/\/mercadomunicipal.motril.es\/wp-content\/uploads\/2018\/07\/LOGO_COLOR.png\",\"width\":581,\"height\":845,\"caption\":\"Mercado municipal motril\"},\"image\":{\"@id\":\"https:\/\/mercadomunicipal.motril.es\/#\/schema\/logo\/image\/\"},\"sameAs\":[\"https:\/\/www.facebook.com\/Mercado-Municipal-de-Motril-283271102474016\/\",\"https:\/\/x.com\/MercadoMotril\",\"https:\/\/www.instagram.com\/mercadomunicipalmotril\/\"]},{\"@type\":\"Person\",\"@id\":\"https:\/\/mercadomunicipal.motril.es\/#\/schema\/person\/aa09064a2ab285ace8dc53c5011dca82\",\"name\":\"admin_municipalmotril\",\"image\":{\"@type\":\"ImageObject\",\"inLanguage\":\"es\",\"@id\":\"https:\/\/mercadomunicipal.motril.es\/#\/schema\/person\/image\/\",\"url\":\"https:\/\/secure.gravatar.com\/avatar\/2059dbbe590bceeb67270f731cbce19f49278db6daf072526278dc767ae1994f?s=96&d=mm&r=g\",\"contentUrl\":\"https:\/\/secure.gravatar.com\/avatar\/2059dbbe590bceeb67270f731cbce19f49278db6daf072526278dc767ae1994f?s=96&d=mm&r=g\",\"caption\":\"admin_municipalmotril\"},\"url\":\"https:\/\/mercadomunicipal.motril.es\/?author=36\"}]}<\/script>\n<!-- \/ Yoast SEO plugin. -->","yoast_head_json":{"title":"Elementos clave para distinguir entre el jam\u00f3n Ib\u00e9rico y Serrano","description":"Dentro de la gastronom\u00eda espa\u00f1ola tenemos muchos productos destacados, pero sin duda el\u00a0jam\u00f3n es nuestro gran producto estrella. Pero no todos los jamo...","robots":{"index":"index","follow":"follow","max-snippet":"max-snippet:-1","max-image-preview":"max-image-preview:large","max-video-preview":"max-video-preview:-1"},"canonical":"https:\/\/mercadomunicipal.motril.es\/?p=2077","og_locale":"es_ES","og_type":"article","og_title":"Elementos clave para distinguir entre el jam\u00f3n Ib\u00e9rico y Serrano","og_description":"Dentro de la gastronom\u00eda espa\u00f1ola tenemos muchos productos destacados, pero sin duda el\u00a0jam\u00f3n es nuestro gran producto estrella. Pero no todos los jamo...","og_url":"https:\/\/mercadomunicipal.motril.es\/?p=2077","og_site_name":"Mercado Municipal de Motril","article_publisher":"https:\/\/www.facebook.com\/Mercado-Municipal-de-Motril-283271102474016\/","article_published_time":"2018-11-23T10:44:36+00:00","article_modified_time":"2020-01-28T08:57:41+00:00","og_image":[{"width":1024,"height":606,"url":"https:\/\/mercadomunicipal.motril.es\/wp-content\/uploads\/2018\/11\/js.jpg","type":"image\/jpeg"}],"author":"admin_municipalmotril","twitter_card":"summary_large_image","twitter_creator":"@MercadoMotril","twitter_site":"@MercadoMotril","twitter_misc":{"Escrito por":"admin_municipalmotril","Tiempo de lectura":"2 minutos"},"schema":{"@context":"https:\/\/schema.org","@graph":[{"@type":"Article","@id":"https:\/\/mercadomunicipal.motril.es\/?p=2077#article","isPartOf":{"@id":"https:\/\/mercadomunicipal.motril.es\/?p=2077"},"author":{"name":"admin_municipalmotril","@id":"https:\/\/mercadomunicipal.motril.es\/#\/schema\/person\/aa09064a2ab285ace8dc53c5011dca82"},"headline":"Elementos clave para distinguir entre el Jam\u00f3n Ib\u00e9rico y Serrano","datePublished":"2018-11-23T10:44:36+00:00","dateModified":"2020-01-28T08:57:41+00:00","mainEntityOfPage":{"@id":"https:\/\/mercadomunicipal.motril.es\/?p=2077"},"wordCount":455,"commentCount":0,"publisher":{"@id":"https:\/\/mercadomunicipal.motril.es\/#organization"},"image":{"@id":"https:\/\/mercadomunicipal.motril.es\/?p=2077#primaryimage"},"thumbnailUrl":"https:\/\/mercadomunicipal.motril.es\/wp-content\/uploads\/2018\/11\/js.jpg","articleSection":["Alimentaci\u00f3n saludable"],"inLanguage":"es","potentialAction":[{"@type":"CommentAction","name":"Comment","target":["https:\/\/mercadomunicipal.motril.es\/?p=2077#respond"]}]},{"@type":"WebPage","@id":"https:\/\/mercadomunicipal.motril.es\/?p=2077","url":"https:\/\/mercadomunicipal.motril.es\/?p=2077","name":"Elementos clave para distinguir entre el jam\u00f3n Ib\u00e9rico y Serrano","isPartOf":{"@id":"https:\/\/mercadomunicipal.motril.es\/#website"},"primaryImageOfPage":{"@id":"https:\/\/mercadomunicipal.motril.es\/?p=2077#primaryimage"},"image":{"@id":"https:\/\/mercadomunicipal.motril.es\/?p=2077#primaryimage"},"thumbnailUrl":"https:\/\/mercadomunicipal.motril.es\/wp-content\/uploads\/2018\/11\/js.jpg","datePublished":"2018-11-23T10:44:36+00:00","dateModified":"2020-01-28T08:57:41+00:00","description":"Dentro de la gastronom\u00eda espa\u00f1ola tenemos muchos productos destacados, pero sin duda el\u00a0jam\u00f3n es nuestro gran producto estrella. Pero no todos los jamo...","breadcrumb":{"@id":"https:\/\/mercadomunicipal.motril.es\/?p=2077#breadcrumb"},"inLanguage":"es","potentialAction":[{"@type":"ReadAction","target":["https:\/\/mercadomunicipal.motril.es\/?p=2077"]}]},{"@type":"ImageObject","inLanguage":"es","@id":"https:\/\/mercadomunicipal.motril.es\/?p=2077#primaryimage","url":"https:\/\/mercadomunicipal.motril.es\/wp-content\/uploads\/2018\/11\/js.jpg","contentUrl":"https:\/\/mercadomunicipal.motril.es\/wp-content\/uploads\/2018\/11\/js.jpg","width":1024,"height":606},{"@type":"BreadcrumbList","@id":"https:\/\/mercadomunicipal.motril.es\/?p=2077#breadcrumb","itemListElement":[{"@type":"ListItem","position":1,"name":"Portada","item":"https:\/\/mercadomunicipal.motril.es\/"},{"@type":"ListItem","position":2,"name":"Elementos clave para distinguir entre el Jam\u00f3n Ib\u00e9rico y Serrano"}]},{"@type":"WebSite","@id":"https:\/\/mercadomunicipal.motril.es\/#website","url":"https:\/\/mercadomunicipal.motril.es\/","name":"Mercado Municipal de Motril","description":"Digitaliza Tu Mercado","publisher":{"@id":"https:\/\/mercadomunicipal.motril.es\/#organization"},"potentialAction":[{"@type":"SearchAction","target":{"@type":"EntryPoint","urlTemplate":"https:\/\/mercadomunicipal.motril.es\/?s={search_term_string}"},"query-input":{"@type":"PropertyValueSpecification","valueRequired":true,"valueName":"search_term_string"}}],"inLanguage":"es"},{"@type":"Organization","@id":"https:\/\/mercadomunicipal.motril.es\/#organization","name":"Mercado municipal motril","url":"https:\/\/mercadomunicipal.motril.es\/","logo":{"@type":"ImageObject","inLanguage":"es","@id":"https:\/\/mercadomunicipal.motril.es\/#\/schema\/logo\/image\/","url":"https:\/\/mercadomunicipal.motril.es\/wp-content\/uploads\/2018\/07\/LOGO_COLOR.png","contentUrl":"https:\/\/mercadomunicipal.motril.es\/wp-content\/uploads\/2018\/07\/LOGO_COLOR.png","width":581,"height":845,"caption":"Mercado municipal motril"},"image":{"@id":"https:\/\/mercadomunicipal.motril.es\/#\/schema\/logo\/image\/"},"sameAs":["https:\/\/www.facebook.com\/Mercado-Municipal-de-Motril-283271102474016\/","https:\/\/x.com\/MercadoMotril","https:\/\/www.instagram.com\/mercadomunicipalmotril\/"]},{"@type":"Person","@id":"https:\/\/mercadomunicipal.motril.es\/#\/schema\/person\/aa09064a2ab285ace8dc53c5011dca82","name":"admin_municipalmotril","image":{"@type":"ImageObject","inLanguage":"es","@id":"https:\/\/mercadomunicipal.motril.es\/#\/schema\/person\/image\/","url":"https:\/\/secure.gravatar.com\/avatar\/2059dbbe590bceeb67270f731cbce19f49278db6daf072526278dc767ae1994f?s=96&d=mm&r=g","contentUrl":"https:\/\/secure.gravatar.com\/avatar\/2059dbbe590bceeb67270f731cbce19f49278db6daf072526278dc767ae1994f?s=96&d=mm&r=g","caption":"admin_municipalmotril"},"url":"https:\/\/mercadomunicipal.motril.es\/?author=36"}]}},"_links":{"self":[{"href":"https:\/\/mercadomunicipal.motril.es\/index.php?rest_route=\/wp\/v2\/posts\/2077","targetHints":{"allow":["GET"]}}],"collection":[{"href":"https:\/\/mercadomunicipal.motril.es\/index.php?rest_route=\/wp\/v2\/posts"}],"about":[{"href":"https:\/\/mercadomunicipal.motril.es\/index.php?rest_route=\/wp\/v2\/types\/post"}],"author":[{"embeddable":true,"href":"https:\/\/mercadomunicipal.motril.es\/index.php?rest_route=\/wp\/v2\/users\/36"}],"replies":[{"embeddable":true,"href":"https:\/\/mercadomunicipal.motril.es\/index.php?rest_route=%2Fwp%2Fv2%2Fcomments&post=2077"}],"version-history":[{"count":6,"href":"https:\/\/mercadomunicipal.motril.es\/index.php?rest_route=\/wp\/v2\/posts\/2077\/revisions"}],"predecessor-version":[{"id":2184,"href":"https:\/\/mercadomunicipal.motril.es\/index.php?rest_route=\/wp\/v2\/posts\/2077\/revisions\/2184"}],"wp:featuredmedia":[{"embeddable":true,"href":"https:\/\/mercadomunicipal.motril.es\/index.php?rest_route=\/wp\/v2\/media\/2078"}],"wp:attachment":[{"href":"https:\/\/mercadomunicipal.motril.es\/index.php?rest_route=%2Fwp%2Fv2%2Fmedia&parent=2077"}],"wp:term":[{"taxonomy":"category","embeddable":true,"href":"https:\/\/mercadomunicipal.motril.es\/index.php?rest_route=%2Fwp%2Fv2%2Fcategories&post=2077"},{"taxonomy":"post_tag","embeddable":true,"href":"https:\/\/mercadomunicipal.motril.es\/index.php?rest_route=%2Fwp%2Fv2%2Ftags&post=2077"}],"curies":[{"name":"wp","href":"https:\/\/api.w.org\/{rel}","templated":true}]}}