{"id":1992,"date":"2018-10-04T11:24:09","date_gmt":"2018-10-04T11:24:09","guid":{"rendered":"http:\/\/localhost\/wordpress\/?p=1992"},"modified":"2020-01-28T12:38:51","modified_gmt":"2020-01-28T11:38:51","slug":"arranca-la-maraton-de-motril-2018","status":"publish","type":"post","link":"https:\/\/mercadomunicipal.motril.es\/?p=1992","title":{"rendered":"Arranca La  Marat\u00f3n de Motril 2018"},"content":{"rendered":"<p>Vuelve <b>La Media Marat\u00f3n&nbsp;de Motril&nbsp;<\/b>que celebrar\u00e1 su 35 aniversario en Noviembre de 2018, organizada por el \u00c1rea de Deportes del Ayuntamiento&nbsp;de dicha localidad, se realiza por segundo a\u00f1o consecutivo, el recorrido es llano, r\u00e1pido y cercano,&nbsp; comenzar\u00e1&nbsp;en la Avenida Doctor Norman Bethune, con de una distancia de 21.097 km, terminando en la Plaza de La Coronaci\u00f3n.<\/p>\n<p>El el d\u00eda 4 de noviembre se abrir\u00e1 el plazo de inscripci\u00f3n, y lo podr\u00e1s realizar a trav\u00e9s de la web&nbsp;<a href=\"https:\/\/www.mediamarathonmotril.com\/\">www.mediamarathonmotril.com<\/a>&nbsp; o <a href=\"https:\/\/bit.ly\/2yehfVz\">facebook<\/a>&nbsp;, donde encontrar\u00e1s toda la informaci\u00f3n relativa a la prueba, sus eventos, y detalles de la prueba.<\/p>\n<p><img loading=\"lazy\" decoding=\"async\" class=\"wp-image-1998 size-full aligncenter\" src=\"https:\/\/mercadomunicipal.motril.es\/wp-content\/uploads\/2018\/10\/media-maraton-motril-2018-1.jpg\" alt=\"\" width=\"660\" height=\"933\" srcset=\"https:\/\/mercadomunicipal.motril.es\/wp-content\/uploads\/2018\/10\/media-maraton-motril-2018-1.jpg 660w, https:\/\/mercadomunicipal.motril.es\/wp-content\/uploads\/2018\/10\/media-maraton-motril-2018-1-212x300.jpg 212w, https:\/\/mercadomunicipal.motril.es\/wp-content\/uploads\/2018\/10\/media-maraton-motril-2018-1-400x565.jpg 400w\" sizes=\"auto, (max-width: 660px) 100vw, 660px\" \/><\/p>\n<p>&nbsp;<\/p>\n<p>No te la pierdas y ap\u00fantate. Es una oportunidad que no te podr\u00e1s perder.<\/p>\n","protected":false},"excerpt":{"rendered":"<p>Vuelve La Media Marat\u00f3n&nbsp;de Motril&nbsp;que celebrar\u00e1 su 35 aniversario en Noviembre de 2018, organizada por el \u00c1rea de Deportes del Ayuntamiento&nbsp;de dicha localidad, se realiza por segundo a\u00f1o consecutivo, el recorrido es llano, r\u00e1pido y cercano,&nbsp; comenzar\u00e1&nbsp;en la Avenida Doctor Norman Bethune, con de una distancia de 21.097 km, terminando en la Plaza de La&hellip;<\/p>\n","protected":false},"author":37,"featured_media":1997,"comment_status":"open","ping_status":"closed","sticky":false,"template":"","format":"standard","meta":{"footnotes":""},"categories":[41],"tags":[],"class_list":["post-1992","post","type-post","status-publish","format-standard","has-post-thumbnail","hentry","category-entorno","content-box content-box-wrapper"],"yoast_head":"<!-- This site is optimized with the Yoast SEO plugin v26.9 - https:\/\/yoast.com\/product\/yoast-seo-wordpress\/ -->\n<title>Arranca La Marat\u00f3n de Motril 2018 - Mercado Municipal de Motril<\/title>\n<meta name=\"robots\" content=\"index, follow, max-snippet:-1, max-image-preview:large, max-video-preview:-1\" \/>\n<link rel=\"canonical\" href=\"https:\/\/mercadomunicipal.motril.es\/?p=1992\" \/>\n<meta property=\"og:locale\" content=\"es_ES\" \/>\n<meta property=\"og:type\" content=\"article\" \/>\n<meta property=\"og:title\" content=\"Arranca La Marat\u00f3n de Motril 2018 - Mercado Municipal de Motril\" \/>\n<meta property=\"og:description\" content=\"Vuelve La Media Marat\u00f3n&nbsp;de Motril&nbsp;que celebrar\u00e1 su 35 aniversario en Noviembre de 2018, organizada por el \u00c1rea de Deportes del Ayuntamiento&nbsp;de dicha localidad, se realiza por segundo a\u00f1o consecutivo, el recorrido es llano, r\u00e1pido y cercano,&nbsp; comenzar\u00e1&nbsp;en la Avenida Doctor Norman Bethune, con de una distancia de 21.097 km, terminando en la Plaza de La&hellip;\" \/>\n<meta property=\"og:url\" content=\"https:\/\/mercadomunicipal.motril.es\/?p=1992\" \/>\n<meta property=\"og:site_name\" content=\"Mercado Municipal de Motril\" \/>\n<meta property=\"article:publisher\" content=\"https:\/\/www.facebook.com\/Mercado-Municipal-de-Motril-283271102474016\/\" \/>\n<meta property=\"article:published_time\" content=\"2018-10-04T11:24:09+00:00\" \/>\n<meta property=\"article:modified_time\" content=\"2020-01-28T11:38:51+00:00\" \/>\n<meta property=\"og:image\" content=\"https:\/\/mercadomunicipal.motril.es\/wp-content\/uploads\/2018\/10\/media-maraton-motril-2018.jpg\" \/>\n\t<meta property=\"og:image:width\" content=\"660\" \/>\n\t<meta property=\"og:image:height\" content=\"933\" \/>\n\t<meta property=\"og:image:type\" content=\"image\/jpeg\" \/>\n<meta name=\"author\" content=\"Bel\u00e9n Mart\u00ednez\" \/>\n<meta name=\"twitter:card\" content=\"summary_large_image\" \/>\n<meta name=\"twitter:creator\" content=\"@MercadoMotril\" \/>\n<meta name=\"twitter:site\" content=\"@MercadoMotril\" \/>\n<meta name=\"twitter:label1\" content=\"Escrito por\" \/>\n\t<meta name=\"twitter:data1\" content=\"Bel\u00e9n Mart\u00ednez\" \/>\n\t<meta name=\"twitter:label2\" content=\"Tiempo de lectura\" \/>\n\t<meta name=\"twitter:data2\" content=\"1 minuto\" \/>\n<script type=\"application\/ld+json\" class=\"yoast-schema-graph\">{\"@context\":\"https:\/\/schema.org\",\"@graph\":[{\"@type\":\"Article\",\"@id\":\"https:\/\/mercadomunicipal.motril.es\/?p=1992#article\",\"isPartOf\":{\"@id\":\"https:\/\/mercadomunicipal.motril.es\/?p=1992\"},\"author\":{\"name\":\"Bel\u00e9n Mart\u00ednez\",\"@id\":\"https:\/\/mercadomunicipal.motril.es\/#\/schema\/person\/a928145cd08f8c46231c80e84b5119e0\"},\"headline\":\"Arranca La Marat\u00f3n de Motril 2018\",\"datePublished\":\"2018-10-04T11:24:09+00:00\",\"dateModified\":\"2020-01-28T11:38:51+00:00\",\"mainEntityOfPage\":{\"@id\":\"https:\/\/mercadomunicipal.motril.es\/?p=1992\"},\"wordCount\":139,\"commentCount\":0,\"publisher\":{\"@id\":\"https:\/\/mercadomunicipal.motril.es\/#organization\"},\"image\":{\"@id\":\"https:\/\/mercadomunicipal.motril.es\/?p=1992#primaryimage\"},\"thumbnailUrl\":\"https:\/\/mercadomunicipal.motril.es\/wp-content\/uploads\/2018\/10\/media-maraton-motril-2018.jpg\",\"articleSection\":[\"Entorno\"],\"inLanguage\":\"es\",\"potentialAction\":[{\"@type\":\"CommentAction\",\"name\":\"Comment\",\"target\":[\"https:\/\/mercadomunicipal.motril.es\/?p=1992#respond\"]}]},{\"@type\":\"WebPage\",\"@id\":\"https:\/\/mercadomunicipal.motril.es\/?p=1992\",\"url\":\"https:\/\/mercadomunicipal.motril.es\/?p=1992\",\"name\":\"Arranca La Marat\u00f3n de Motril 2018 - Mercado Municipal de Motril\",\"isPartOf\":{\"@id\":\"https:\/\/mercadomunicipal.motril.es\/#website\"},\"primaryImageOfPage\":{\"@id\":\"https:\/\/mercadomunicipal.motril.es\/?p=1992#primaryimage\"},\"image\":{\"@id\":\"https:\/\/mercadomunicipal.motril.es\/?p=1992#primaryimage\"},\"thumbnailUrl\":\"https:\/\/mercadomunicipal.motril.es\/wp-content\/uploads\/2018\/10\/media-maraton-motril-2018.jpg\",\"datePublished\":\"2018-10-04T11:24:09+00:00\",\"dateModified\":\"2020-01-28T11:38:51+00:00\",\"breadcrumb\":{\"@id\":\"https:\/\/mercadomunicipal.motril.es\/?p=1992#breadcrumb\"},\"inLanguage\":\"es\",\"potentialAction\":[{\"@type\":\"ReadAction\",\"target\":[\"https:\/\/mercadomunicipal.motril.es\/?p=1992\"]}]},{\"@type\":\"ImageObject\",\"inLanguage\":\"es\",\"@id\":\"https:\/\/mercadomunicipal.motril.es\/?p=1992#primaryimage\",\"url\":\"https:\/\/mercadomunicipal.motril.es\/wp-content\/uploads\/2018\/10\/media-maraton-motril-2018.jpg\",\"contentUrl\":\"https:\/\/mercadomunicipal.motril.es\/wp-content\/uploads\/2018\/10\/media-maraton-motril-2018.jpg\",\"width\":660,\"height\":933},{\"@type\":\"BreadcrumbList\",\"@id\":\"https:\/\/mercadomunicipal.motril.es\/?p=1992#breadcrumb\",\"itemListElement\":[{\"@type\":\"ListItem\",\"position\":1,\"name\":\"Portada\",\"item\":\"https:\/\/mercadomunicipal.motril.es\/\"},{\"@type\":\"ListItem\",\"position\":2,\"name\":\"Arranca La Marat\u00f3n de Motril 2018\"}]},{\"@type\":\"WebSite\",\"@id\":\"https:\/\/mercadomunicipal.motril.es\/#website\",\"url\":\"https:\/\/mercadomunicipal.motril.es\/\",\"name\":\"Mercado Municipal de Motril\",\"description\":\"Digitaliza Tu Mercado\",\"publisher\":{\"@id\":\"https:\/\/mercadomunicipal.motril.es\/#organization\"},\"potentialAction\":[{\"@type\":\"SearchAction\",\"target\":{\"@type\":\"EntryPoint\",\"urlTemplate\":\"https:\/\/mercadomunicipal.motril.es\/?s={search_term_string}\"},\"query-input\":{\"@type\":\"PropertyValueSpecification\",\"valueRequired\":true,\"valueName\":\"search_term_string\"}}],\"inLanguage\":\"es\"},{\"@type\":\"Organization\",\"@id\":\"https:\/\/mercadomunicipal.motril.es\/#organization\",\"name\":\"Mercado municipal motril\",\"url\":\"https:\/\/mercadomunicipal.motril.es\/\",\"logo\":{\"@type\":\"ImageObject\",\"inLanguage\":\"es\",\"@id\":\"https:\/\/mercadomunicipal.motril.es\/#\/schema\/logo\/image\/\",\"url\":\"https:\/\/mercadomunicipal.motril.es\/wp-content\/uploads\/2018\/07\/LOGO_COLOR.png\",\"contentUrl\":\"https:\/\/mercadomunicipal.motril.es\/wp-content\/uploads\/2018\/07\/LOGO_COLOR.png\",\"width\":581,\"height\":845,\"caption\":\"Mercado municipal motril\"},\"image\":{\"@id\":\"https:\/\/mercadomunicipal.motril.es\/#\/schema\/logo\/image\/\"},\"sameAs\":[\"https:\/\/www.facebook.com\/Mercado-Municipal-de-Motril-283271102474016\/\",\"https:\/\/x.com\/MercadoMotril\",\"https:\/\/www.instagram.com\/mercadomunicipalmotril\/\"]},{\"@type\":\"Person\",\"@id\":\"https:\/\/mercadomunicipal.motril.es\/#\/schema\/person\/a928145cd08f8c46231c80e84b5119e0\",\"name\":\"Bel\u00e9n Mart\u00ednez\",\"image\":{\"@type\":\"ImageObject\",\"inLanguage\":\"es\",\"@id\":\"https:\/\/mercadomunicipal.motril.es\/#\/schema\/person\/image\/\",\"url\":\"https:\/\/secure.gravatar.com\/avatar\/ea529e47da8c4fb3700456226751f40dc4674650fce5dd7c364c03f38fd4f17e?s=96&d=mm&r=g\",\"contentUrl\":\"https:\/\/secure.gravatar.com\/avatar\/ea529e47da8c4fb3700456226751f40dc4674650fce5dd7c364c03f38fd4f17e?s=96&d=mm&r=g\",\"caption\":\"Bel\u00e9n Mart\u00ednez\"},\"url\":\"https:\/\/mercadomunicipal.motril.es\/?author=37\"}]}<\/script>\n<!-- \/ Yoast SEO plugin. -->","yoast_head_json":{"title":"Arranca La Marat\u00f3n de Motril 2018 - Mercado Municipal de Motril","robots":{"index":"index","follow":"follow","max-snippet":"max-snippet:-1","max-image-preview":"max-image-preview:large","max-video-preview":"max-video-preview:-1"},"canonical":"https:\/\/mercadomunicipal.motril.es\/?p=1992","og_locale":"es_ES","og_type":"article","og_title":"Arranca La Marat\u00f3n de Motril 2018 - Mercado Municipal de Motril","og_description":"Vuelve La Media Marat\u00f3n&nbsp;de Motril&nbsp;que celebrar\u00e1 su 35 aniversario en Noviembre de 2018, organizada por el \u00c1rea de Deportes del Ayuntamiento&nbsp;de dicha localidad, se realiza por segundo a\u00f1o consecutivo, el recorrido es llano, r\u00e1pido y cercano,&nbsp; comenzar\u00e1&nbsp;en la Avenida Doctor Norman Bethune, con de una distancia de 21.097 km, terminando en la Plaza de La&hellip;","og_url":"https:\/\/mercadomunicipal.motril.es\/?p=1992","og_site_name":"Mercado Municipal de Motril","article_publisher":"https:\/\/www.facebook.com\/Mercado-Municipal-de-Motril-283271102474016\/","article_published_time":"2018-10-04T11:24:09+00:00","article_modified_time":"2020-01-28T11:38:51+00:00","og_image":[{"width":660,"height":933,"url":"https:\/\/mercadomunicipal.motril.es\/wp-content\/uploads\/2018\/10\/media-maraton-motril-2018.jpg","type":"image\/jpeg"}],"author":"Bel\u00e9n Mart\u00ednez","twitter_card":"summary_large_image","twitter_creator":"@MercadoMotril","twitter_site":"@MercadoMotril","twitter_misc":{"Escrito por":"Bel\u00e9n Mart\u00ednez","Tiempo de lectura":"1 minuto"},"schema":{"@context":"https:\/\/schema.org","@graph":[{"@type":"Article","@id":"https:\/\/mercadomunicipal.motril.es\/?p=1992#article","isPartOf":{"@id":"https:\/\/mercadomunicipal.motril.es\/?p=1992"},"author":{"name":"Bel\u00e9n Mart\u00ednez","@id":"https:\/\/mercadomunicipal.motril.es\/#\/schema\/person\/a928145cd08f8c46231c80e84b5119e0"},"headline":"Arranca La Marat\u00f3n de Motril 2018","datePublished":"2018-10-04T11:24:09+00:00","dateModified":"2020-01-28T11:38:51+00:00","mainEntityOfPage":{"@id":"https:\/\/mercadomunicipal.motril.es\/?p=1992"},"wordCount":139,"commentCount":0,"publisher":{"@id":"https:\/\/mercadomunicipal.motril.es\/#organization"},"image":{"@id":"https:\/\/mercadomunicipal.motril.es\/?p=1992#primaryimage"},"thumbnailUrl":"https:\/\/mercadomunicipal.motril.es\/wp-content\/uploads\/2018\/10\/media-maraton-motril-2018.jpg","articleSection":["Entorno"],"inLanguage":"es","potentialAction":[{"@type":"CommentAction","name":"Comment","target":["https:\/\/mercadomunicipal.motril.es\/?p=1992#respond"]}]},{"@type":"WebPage","@id":"https:\/\/mercadomunicipal.motril.es\/?p=1992","url":"https:\/\/mercadomunicipal.motril.es\/?p=1992","name":"Arranca La Marat\u00f3n de Motril 2018 - Mercado Municipal de Motril","isPartOf":{"@id":"https:\/\/mercadomunicipal.motril.es\/#website"},"primaryImageOfPage":{"@id":"https:\/\/mercadomunicipal.motril.es\/?p=1992#primaryimage"},"image":{"@id":"https:\/\/mercadomunicipal.motril.es\/?p=1992#primaryimage"},"thumbnailUrl":"https:\/\/mercadomunicipal.motril.es\/wp-content\/uploads\/2018\/10\/media-maraton-motril-2018.jpg","datePublished":"2018-10-04T11:24:09+00:00","dateModified":"2020-01-28T11:38:51+00:00","breadcrumb":{"@id":"https:\/\/mercadomunicipal.motril.es\/?p=1992#breadcrumb"},"inLanguage":"es","potentialAction":[{"@type":"ReadAction","target":["https:\/\/mercadomunicipal.motril.es\/?p=1992"]}]},{"@type":"ImageObject","inLanguage":"es","@id":"https:\/\/mercadomunicipal.motril.es\/?p=1992#primaryimage","url":"https:\/\/mercadomunicipal.motril.es\/wp-content\/uploads\/2018\/10\/media-maraton-motril-2018.jpg","contentUrl":"https:\/\/mercadomunicipal.motril.es\/wp-content\/uploads\/2018\/10\/media-maraton-motril-2018.jpg","width":660,"height":933},{"@type":"BreadcrumbList","@id":"https:\/\/mercadomunicipal.motril.es\/?p=1992#breadcrumb","itemListElement":[{"@type":"ListItem","position":1,"name":"Portada","item":"https:\/\/mercadomunicipal.motril.es\/"},{"@type":"ListItem","position":2,"name":"Arranca La Marat\u00f3n de Motril 2018"}]},{"@type":"WebSite","@id":"https:\/\/mercadomunicipal.motril.es\/#website","url":"https:\/\/mercadomunicipal.motril.es\/","name":"Mercado Municipal de Motril","description":"Digitaliza Tu Mercado","publisher":{"@id":"https:\/\/mercadomunicipal.motril.es\/#organization"},"potentialAction":[{"@type":"SearchAction","target":{"@type":"EntryPoint","urlTemplate":"https:\/\/mercadomunicipal.motril.es\/?s={search_term_string}"},"query-input":{"@type":"PropertyValueSpecification","valueRequired":true,"valueName":"search_term_string"}}],"inLanguage":"es"},{"@type":"Organization","@id":"https:\/\/mercadomunicipal.motril.es\/#organization","name":"Mercado municipal motril","url":"https:\/\/mercadomunicipal.motril.es\/","logo":{"@type":"ImageObject","inLanguage":"es","@id":"https:\/\/mercadomunicipal.motril.es\/#\/schema\/logo\/image\/","url":"https:\/\/mercadomunicipal.motril.es\/wp-content\/uploads\/2018\/07\/LOGO_COLOR.png","contentUrl":"https:\/\/mercadomunicipal.motril.es\/wp-content\/uploads\/2018\/07\/LOGO_COLOR.png","width":581,"height":845,"caption":"Mercado municipal motril"},"image":{"@id":"https:\/\/mercadomunicipal.motril.es\/#\/schema\/logo\/image\/"},"sameAs":["https:\/\/www.facebook.com\/Mercado-Municipal-de-Motril-283271102474016\/","https:\/\/x.com\/MercadoMotril","https:\/\/www.instagram.com\/mercadomunicipalmotril\/"]},{"@type":"Person","@id":"https:\/\/mercadomunicipal.motril.es\/#\/schema\/person\/a928145cd08f8c46231c80e84b5119e0","name":"Bel\u00e9n Mart\u00ednez","image":{"@type":"ImageObject","inLanguage":"es","@id":"https:\/\/mercadomunicipal.motril.es\/#\/schema\/person\/image\/","url":"https:\/\/secure.gravatar.com\/avatar\/ea529e47da8c4fb3700456226751f40dc4674650fce5dd7c364c03f38fd4f17e?s=96&d=mm&r=g","contentUrl":"https:\/\/secure.gravatar.com\/avatar\/ea529e47da8c4fb3700456226751f40dc4674650fce5dd7c364c03f38fd4f17e?s=96&d=mm&r=g","caption":"Bel\u00e9n Mart\u00ednez"},"url":"https:\/\/mercadomunicipal.motril.es\/?author=37"}]}},"_links":{"self":[{"href":"https:\/\/mercadomunicipal.motril.es\/index.php?rest_route=\/wp\/v2\/posts\/1992","targetHints":{"allow":["GET"]}}],"collection":[{"href":"https:\/\/mercadomunicipal.motril.es\/index.php?rest_route=\/wp\/v2\/posts"}],"about":[{"href":"https:\/\/mercadomunicipal.motril.es\/index.php?rest_route=\/wp\/v2\/types\/post"}],"author":[{"embeddable":true,"href":"https:\/\/mercadomunicipal.motril.es\/index.php?rest_route=\/wp\/v2\/users\/37"}],"replies":[{"embeddable":true,"href":"https:\/\/mercadomunicipal.motril.es\/index.php?rest_route=%2Fwp%2Fv2%2Fcomments&post=1992"}],"version-history":[{"count":5,"href":"https:\/\/mercadomunicipal.motril.es\/index.php?rest_route=\/wp\/v2\/posts\/1992\/revisions"}],"predecessor-version":[{"id":2212,"href":"https:\/\/mercadomunicipal.motril.es\/index.php?rest_route=\/wp\/v2\/posts\/1992\/revisions\/2212"}],"wp:featuredmedia":[{"embeddable":true,"href":"https:\/\/mercadomunicipal.motril.es\/index.php?rest_route=\/wp\/v2\/media\/1997"}],"wp:attachment":[{"href":"https:\/\/mercadomunicipal.motril.es\/index.php?rest_route=%2Fwp%2Fv2%2Fmedia&parent=1992"}],"wp:term":[{"taxonomy":"category","embeddable":true,"href":"https:\/\/mercadomunicipal.motril.es\/index.php?rest_route=%2Fwp%2Fv2%2Fcategories&post=1992"},{"taxonomy":"post_tag","embeddable":true,"href":"https:\/\/mercadomunicipal.motril.es\/index.php?rest_route=%2Fwp%2Fv2%2Ftags&post=1992"}],"curies":[{"name":"wp","href":"https:\/\/api.w.org\/{rel}","templated":true}]}}